{"id":3362,"date":"2022-02-02T12:05:08","date_gmt":"2022-02-02T11:05:08","guid":{"rendered":"https:\/\/www.newpark.de\/together-for-the-region\/"},"modified":"2022-02-02T13:05:50","modified_gmt":"2022-02-02T12:05:50","slug":"together-for-the-region","status":"publish","type":"post","link":"https:\/\/www.newpark.de\/en\/together-for-the-region\/","title":{"rendered":"Together for the region"},"content":{"rendered":"<section class=\"av_textblock_section \"  itemscope=\"itemscope\" itemtype=\"https:\/\/schema.org\/BlogPosting\" itemprop=\"blogPost\" ><div class='avia_textblock  '   itemprop=\"text\" ><p><strong>Together for the region<\/strong><\/p>\n<p>Behind the newPark is a regional, cross-city cooperation that is unparalleled anywhere in Germany. 23 municipalities and two districts are participating in the planning, financing and realisation of the industrial site in order to attract new industry to the region and create jobs. The shareholders of newPark Planungs- und Entwicklungsgesellschaft mbH are the cities of Datteln, Dortmund, L\u00fcnen and Olfen as well as the district of Recklinghausen, the <a href=\"https:\/\/www.ihk-nordwestfalen.de\/\" target=\"_blank\" rel=\"noopener\">North Westphalia Chamber of Industry and Commerce (IHK)<\/a>, <a href=\"https:\/\/nrw-urban.de\/\" target=\"_blank\" rel=\"noopener\">NRW.URBAN GmbH<\/a>, the regional economic development network <a href=\"https:\/\/www.emscher-lippe.de\/win-emscher-lippe\/\" target=\"_blank\" rel=\"noopener\">WiN Emscher-Lippe GmbH<\/a> (representing 39 shareholders, twelve of which are cities) and the <a href=\"https:\/\/www.wfg-kreis-unna.de\/englisch\/the-district-unna.html\" target=\"_blank\" rel=\"noopener\">Wirtschaftsf\u00f6rderungsgesellschaft f\u00fcr den Kreis Unna mbH<\/a> (representing ten cities).<\/p>\n<p><img loading=\"lazy\" decoding=\"async\" class=\"alignnone size-portfolio wp-image-1932 aligncenter\" src=\"\/wp-content\/uploads\/2021\/04\/07._Februar_2018DSC00861_retusche-495x400.jpg\" alt=\"\" width=\"495\" height=\"400\" srcset=\"https:\/\/www.newpark.de\/wp-content\/uploads\/2021\/04\/07._Februar_2018DSC00861_retusche-495x400.jpg 495w, https:\/\/www.newpark.de\/wp-content\/uploads\/2021\/04\/07._Februar_2018DSC00861_retusche-845x684.jpg 845w\" sizes=\"auto, (max-width: 495px) 100vw, 495px\" \/><\/p>\n<p>Politically, too, the newPark can count on broad support: the majority of 23 city councillors from the municipalities surrounding the site are behind the project. The CDU, SPD and FDP parties at the municipal level are basically in favour of the newPark. The vast majority of the <a href=\"https:\/\/www.kreis-re.de\/Inhalte\/index.asp\" target=\"_blank\" rel=\"noopener\">Recklinghausen district<\/a> council is in favour of the project. The <a href=\"https:\/\/www.bezreg-muenster.de\/de\/index.html\" target=\"_blank\" rel=\"noopener\">district government of M\u00fcnster<\/a> gives the newPark high priority for a good economic development of the Emscher-Lippe region. Two state governments of different compositions (red-green, black-yellow) have included the project in the state development planning.<\/p>\n<p>In spring 2020, the North Westphalia Chamber of Industry and Commerce (IHK) and the <a href=\"https:\/\/www.hwk-muenster.de\/de\" target=\"_blank\" rel=\"noopener\">M\u00fcnster Chamber of Skilled Crafts<\/a> once again emphasised the urgency of developing the newPark following a land survey for Emscher-Lippe. Numerous other associations, from the <a href=\"https:\/\/www.dgb.de\/\" target=\"_blank\" rel=\"noopener\">DGB<\/a> to the district craft associations, support the development of this industrial project of national importance.<\/p>\n<\/div><\/section>\n<div   class='hr hr-default   avia-builder-el-1  el_after_av_textblock  el_before_av_one_third '><span class='hr-inner ' ><span class='hr-inner-style'><\/span><\/span><\/div>\n<div class=\"flex_column av_one_third  flex_column_div av-zero-column-padding first  avia-builder-el-2  el_after_av_hr  el_before_av_one_third  \" style='border-radius:0px; '><div  class='avia-image-container  av-styling-    avia-builder-el-3  avia-builder-el-no-sibling  avia-align-center '  itemprop=\"image\" itemscope=\"itemscope\" itemtype=\"https:\/\/schema.org\/ImageObject\"  ><div class='avia-image-container-inner'><div class='avia-image-overlay-wrap'><a href='https:\/\/www.wirtschaft.nrw\/' class='avia_image' target=\"_blank\" rel=\"noopener noreferrer\"><img decoding=\"async\" width=\"300\" height=\"124\" class='wp-image-2662 avia-img-lazy-loading-not-2662 avia_image' src=\"https:\/\/www.newpark.de\/wp-content\/uploads\/2021\/03\/nrw-mweimh-logo_2018_web-3-300x124.jpg\" alt='Logo Ministerium f\u00fcr Wirtschaft, Innovation, Digitalisierung und Energie des Landes Nordrhein-Westfalen' title='Logo Ministerium f\u00fcr Wirtschaft, Innovation, Digitalisierung und Energie des Landes Nordrhein-Westfalen'  itemprop=\"thumbnailUrl\" srcset=\"https:\/\/www.newpark.de\/wp-content\/uploads\/2021\/03\/nrw-mweimh-logo_2018_web-3-300x124.jpg 300w, https:\/\/www.newpark.de\/wp-content\/uploads\/2021\/03\/nrw-mweimh-logo_2018_web-3-1030x427.jpg 1030w, https:\/\/www.newpark.de\/wp-content\/uploads\/2021\/03\/nrw-mweimh-logo_2018_web-3-768x318.jpg 768w, https:\/\/www.newpark.de\/wp-content\/uploads\/2021\/03\/nrw-mweimh-logo_2018_web-3-1536x636.jpg 1536w, https:\/\/www.newpark.de\/wp-content\/uploads\/2021\/03\/nrw-mweimh-logo_2018_web-3-1500x621.jpg 1500w, https:\/\/www.newpark.de\/wp-content\/uploads\/2021\/03\/nrw-mweimh-logo_2018_web-3-705x292.jpg 705w, https:\/\/www.newpark.de\/wp-content\/uploads\/2021\/03\/nrw-mweimh-logo_2018_web-3.jpg 1574w\" sizes=\"(max-width: 300px) 100vw, 300px\" \/><\/a><\/div><\/div><\/div><\/div>\n<div class=\"flex_column av_one_third  flex_column_div av-zero-column-padding   avia-builder-el-4  el_after_av_one_third  el_before_av_one_third  \" style='border-radius:0px; '><div  class='avia-image-container  av-styling-    avia-builder-el-5  avia-builder-el-no-sibling  avia-align-center '  itemprop=\"image\" itemscope=\"itemscope\" itemtype=\"https:\/\/schema.org\/ImageObject\"  ><div class='avia-image-container-inner'><div class='avia-image-overlay-wrap'><a href='https:\/\/www.bmwi.de\/Navigation\/DE\/Home\/home.html' class='avia_image' target=\"_blank\" rel=\"noopener noreferrer\"><img decoding=\"async\" width=\"300\" height=\"124\" class='wp-image-2660 avia-img-lazy-loading-not-2660 avia_image' src=\"https:\/\/www.newpark.de\/wp-content\/uploads\/2021\/03\/csm_BMWi_4C_Gef_de_60ce499243-300x124.jpg\" alt='Logo Bundesministerium f\u00fcr Wirtschaft und Energie' title='Logo Bundesministerium f\u00fcr Wirtschaft und Energie'  itemprop=\"thumbnailUrl\" srcset=\"https:\/\/www.newpark.de\/wp-content\/uploads\/2021\/03\/csm_BMWi_4C_Gef_de_60ce499243-300x124.jpg 300w, https:\/\/www.newpark.de\/wp-content\/uploads\/2021\/03\/csm_BMWi_4C_Gef_de_60ce499243.jpg 555w\" sizes=\"(max-width: 300px) 100vw, 300px\" \/><\/a><\/div><\/div><\/div><\/div>\n<div class=\"flex_column av_one_third  flex_column_div av-zero-column-padding   avia-builder-el-6  el_after_av_one_third  avia-builder-el-last  \" style='border-radius:0px; '><div  class='avia-image-container  av-styling-    avia-builder-el-7  avia-builder-el-no-sibling  avia-align-center '  itemprop=\"image\" itemscope=\"itemscope\" itemtype=\"https:\/\/schema.org\/ImageObject\"  ><div class='avia-image-container-inner'><div class='avia-image-overlay-wrap'><a href='https:\/\/europa.eu\/european-union\/index_de' class='avia_image' target=\"_blank\" rel=\"noopener noreferrer\"><img decoding=\"async\" width=\"300\" height=\"69\" class='wp-image-2669 avia-img-lazy-loading-not-2669 avia_image' src=\"https:\/\/www.newpark.de\/wp-content\/uploads\/2021\/04\/EFRE_Foerderhinweis_deutsch_farbig-300x69.jpg\" alt='Logo Europ\u00e4ische Union Investition in unsere Zukunft Europ\u00e4ischer Fonds f\u00fcr regionale Entwicklung' title='Logo Europ\u00e4ische Union Investition in unsere Zukunft Europ\u00e4ischer Fonds f\u00fcr regionale Entwicklung'  itemprop=\"thumbnailUrl\" srcset=\"https:\/\/www.newpark.de\/wp-content\/uploads\/2021\/04\/EFRE_Foerderhinweis_deutsch_farbig-300x69.jpg 300w, https:\/\/www.newpark.de\/wp-content\/uploads\/2021\/04\/EFRE_Foerderhinweis_deutsch_farbig-1030x237.jpg 1030w, https:\/\/www.newpark.de\/wp-content\/uploads\/2021\/04\/EFRE_Foerderhinweis_deutsch_farbig-768x176.jpg 768w, https:\/\/www.newpark.de\/wp-content\/uploads\/2021\/04\/EFRE_Foerderhinweis_deutsch_farbig-1536x353.jpg 1536w, https:\/\/www.newpark.de\/wp-content\/uploads\/2021\/04\/EFRE_Foerderhinweis_deutsch_farbig-2048x471.jpg 2048w, https:\/\/www.newpark.de\/wp-content\/uploads\/2021\/04\/EFRE_Foerderhinweis_deutsch_farbig-1500x345.jpg 1500w, https:\/\/www.newpark.de\/wp-content\/uploads\/2021\/04\/EFRE_Foerderhinweis_deutsch_farbig-705x162.jpg 705w\" sizes=\"(max-width: 300px) 100vw, 300px\" \/><\/a><\/div><\/div><\/div><\/div>\n","protected":false},"excerpt":{"rendered":"<p>Behind the newPark is a regional, cross-city cooperation that is unique in Germany. 23 municipalities and two districts are involved in the planning, financing and realization of the industrial area. The Chamber of Industry and Commerce (IHK) North Westphalia, NRW.URBAN GmbH, WiN Emscher-Lippe GmbH and the business development agency for the district of Unna mbH are also involved. The newPark can also rely on broad political support: the district council of the district of Recklinghausen and 23 city councilors are the majority behind the project. Numerous other associations from the DGB to the district handicraft associations support the development of this state-wide important industrial project.<\/p>\n","protected":false},"author":1,"featured_media":2670,"comment_status":"closed","ping_status":"open","sticky":false,"template":"","format":"standard","meta":{"footnotes":""},"categories":[43],"tags":[],"class_list":["post-3362","post","type-post","status-publish","format-standard","has-post-thumbnail","hentry","category-home-page"],"yoast_head":"<!-- This site is optimized with the Yoast SEO plugin v26.6 - https:\/\/yoast.com\/wordpress\/plugins\/seo\/ -->\n<title>Together for the region - Newpark Datteln<\/title>\n<meta name=\"robots\" content=\"index, follow, max-snippet:-1, max-image-preview:large, max-video-preview:-1\" \/>\n<link rel=\"canonical\" href=\"https:\/\/www.newpark.de\/en\/together-for-the-region\/\" \/>\n<meta property=\"og:locale\" content=\"en_US\" \/>\n<meta property=\"og:type\" content=\"article\" \/>\n<meta property=\"og:title\" content=\"Together for the region - Newpark Datteln\" \/>\n<meta property=\"og:description\" content=\"Behind the newPark is a regional, cross-city cooperation that is unique in Germany. 23 municipalities and two districts are involved in the planning, financing and realization of the industrial area. The Chamber of Industry and Commerce (IHK) North Westphalia, NRW.URBAN GmbH, WiN Emscher-Lippe GmbH and the business development agency for the district of Unna mbH are also involved. The newPark can also rely on broad political support: the district council of the district of Recklinghausen and 23 city councilors are the majority behind the project. Numerous other associations from the DGB to the district handicraft associations support the development of this state-wide important industrial project.\" \/>\n<meta property=\"og:url\" content=\"https:\/\/www.newpark.de\/en\/together-for-the-region\/\" \/>\n<meta property=\"og:site_name\" content=\"Newpark Datteln\" \/>\n<meta property=\"article:published_time\" content=\"2022-02-02T11:05:08+00:00\" \/>\n<meta property=\"article:modified_time\" content=\"2022-02-02T12:05:50+00:00\" \/>\n<meta property=\"og:image\" content=\"https:\/\/www.newpark.de\/wp-content\/uploads\/2021\/04\/07._Februar_2018DSC00861_retusche-1030x542.jpg\" \/>\n\t<meta property=\"og:image:width\" content=\"1030\" \/>\n\t<meta property=\"og:image:height\" content=\"542\" \/>\n\t<meta property=\"og:image:type\" content=\"image\/jpeg\" \/>\n<meta name=\"author\" content=\"mkoeller\" \/>\n<meta name=\"twitter:card\" content=\"summary_large_image\" \/>\n<meta name=\"twitter:label1\" content=\"Written by\" \/>\n\t<meta name=\"twitter:data1\" content=\"mkoeller\" \/>\n\t<meta name=\"twitter:label2\" content=\"Est. reading time\" \/>\n\t<meta name=\"twitter:data2\" content=\"4 minutes\" \/>\n<script type=\"application\/ld+json\" class=\"yoast-schema-graph\">{\"@context\":\"https:\/\/schema.org\",\"@graph\":[{\"@type\":\"WebPage\",\"@id\":\"https:\/\/www.newpark.de\/en\/together-for-the-region\/\",\"url\":\"https:\/\/www.newpark.de\/en\/together-for-the-region\/\",\"name\":\"Together for the region - Newpark Datteln\",\"isPartOf\":{\"@id\":\"https:\/\/www.newpark.de\/en\/#website\"},\"primaryImageOfPage\":{\"@id\":\"https:\/\/www.newpark.de\/en\/together-for-the-region\/#primaryimage\"},\"image\":{\"@id\":\"https:\/\/www.newpark.de\/en\/together-for-the-region\/#primaryimage\"},\"thumbnailUrl\":\"https:\/\/www.newpark.de\/wp-content\/uploads\/2021\/04\/07._Februar_2018DSC00861_retusche-scaled.jpg\",\"datePublished\":\"2022-02-02T11:05:08+00:00\",\"dateModified\":\"2022-02-02T12:05:50+00:00\",\"author\":{\"@id\":\"https:\/\/www.newpark.de\/en\/#\/schema\/person\/87aa9685e0bde9fdfd86f3c643c039b0\"},\"breadcrumb\":{\"@id\":\"https:\/\/www.newpark.de\/en\/together-for-the-region\/#breadcrumb\"},\"inLanguage\":\"en-US\",\"potentialAction\":[{\"@type\":\"ReadAction\",\"target\":[\"https:\/\/www.newpark.de\/en\/together-for-the-region\/\"]}]},{\"@type\":\"ImageObject\",\"inLanguage\":\"en-US\",\"@id\":\"https:\/\/www.newpark.de\/en\/together-for-the-region\/#primaryimage\",\"url\":\"https:\/\/www.newpark.de\/wp-content\/uploads\/2021\/04\/07._Februar_2018DSC00861_retusche-scaled.jpg\",\"contentUrl\":\"https:\/\/www.newpark.de\/wp-content\/uploads\/2021\/04\/07._Februar_2018DSC00861_retusche-scaled.jpg\",\"width\":2560,\"height\":1346},{\"@type\":\"BreadcrumbList\",\"@id\":\"https:\/\/www.newpark.de\/en\/together-for-the-region\/#breadcrumb\",\"itemListElement\":[{\"@type\":\"ListItem\",\"position\":1,\"name\":\"Home\",\"item\":\"https:\/\/www.newpark.de\/en\/profil\/\"},{\"@type\":\"ListItem\",\"position\":2,\"name\":\"Together for the region\"}]},{\"@type\":\"WebSite\",\"@id\":\"https:\/\/www.newpark.de\/en\/#website\",\"url\":\"https:\/\/www.newpark.de\/en\/\",\"name\":\"Newpark Datteln\",\"description\":\"\",\"potentialAction\":[{\"@type\":\"SearchAction\",\"target\":{\"@type\":\"EntryPoint\",\"urlTemplate\":\"https:\/\/www.newpark.de\/en\/?s={search_term_string}\"},\"query-input\":{\"@type\":\"PropertyValueSpecification\",\"valueRequired\":true,\"valueName\":\"search_term_string\"}}],\"inLanguage\":\"en-US\"},{\"@type\":\"Person\",\"@id\":\"https:\/\/www.newpark.de\/en\/#\/schema\/person\/87aa9685e0bde9fdfd86f3c643c039b0\",\"name\":\"mkoeller\",\"sameAs\":[\"https:\/\/newpark.koeller-it.de\"],\"url\":\"https:\/\/www.newpark.de\/en\/author\/mkoeller\/\"}]}<\/script>\n<!-- \/ Yoast SEO plugin. -->","yoast_head_json":{"title":"Together for the region - Newpark Datteln","robots":{"index":"index","follow":"follow","max-snippet":"max-snippet:-1","max-image-preview":"max-image-preview:large","max-video-preview":"max-video-preview:-1"},"canonical":"https:\/\/www.newpark.de\/en\/together-for-the-region\/","og_locale":"en_US","og_type":"article","og_title":"Together for the region - Newpark Datteln","og_description":"Behind the newPark is a regional, cross-city cooperation that is unique in Germany. 23 municipalities and two districts are involved in the planning, financing and realization of the industrial area. The Chamber of Industry and Commerce (IHK) North Westphalia, NRW.URBAN GmbH, WiN Emscher-Lippe GmbH and the business development agency for the district of Unna mbH are also involved. The newPark can also rely on broad political support: the district council of the district of Recklinghausen and 23 city councilors are the majority behind the project. Numerous other associations from the DGB to the district handicraft associations support the development of this state-wide important industrial project.","og_url":"https:\/\/www.newpark.de\/en\/together-for-the-region\/","og_site_name":"Newpark Datteln","article_published_time":"2022-02-02T11:05:08+00:00","article_modified_time":"2022-02-02T12:05:50+00:00","og_image":[{"width":1030,"height":542,"url":"https:\/\/www.newpark.de\/wp-content\/uploads\/2021\/04\/07._Februar_2018DSC00861_retusche-1030x542.jpg","type":"image\/jpeg"}],"author":"mkoeller","twitter_card":"summary_large_image","twitter_misc":{"Written by":"mkoeller","Est. reading time":"4 minutes"},"schema":{"@context":"https:\/\/schema.org","@graph":[{"@type":"WebPage","@id":"https:\/\/www.newpark.de\/en\/together-for-the-region\/","url":"https:\/\/www.newpark.de\/en\/together-for-the-region\/","name":"Together for the region - Newpark Datteln","isPartOf":{"@id":"https:\/\/www.newpark.de\/en\/#website"},"primaryImageOfPage":{"@id":"https:\/\/www.newpark.de\/en\/together-for-the-region\/#primaryimage"},"image":{"@id":"https:\/\/www.newpark.de\/en\/together-for-the-region\/#primaryimage"},"thumbnailUrl":"https:\/\/www.newpark.de\/wp-content\/uploads\/2021\/04\/07._Februar_2018DSC00861_retusche-scaled.jpg","datePublished":"2022-02-02T11:05:08+00:00","dateModified":"2022-02-02T12:05:50+00:00","author":{"@id":"https:\/\/www.newpark.de\/en\/#\/schema\/person\/87aa9685e0bde9fdfd86f3c643c039b0"},"breadcrumb":{"@id":"https:\/\/www.newpark.de\/en\/together-for-the-region\/#breadcrumb"},"inLanguage":"en-US","potentialAction":[{"@type":"ReadAction","target":["https:\/\/www.newpark.de\/en\/together-for-the-region\/"]}]},{"@type":"ImageObject","inLanguage":"en-US","@id":"https:\/\/www.newpark.de\/en\/together-for-the-region\/#primaryimage","url":"https:\/\/www.newpark.de\/wp-content\/uploads\/2021\/04\/07._Februar_2018DSC00861_retusche-scaled.jpg","contentUrl":"https:\/\/www.newpark.de\/wp-content\/uploads\/2021\/04\/07._Februar_2018DSC00861_retusche-scaled.jpg","width":2560,"height":1346},{"@type":"BreadcrumbList","@id":"https:\/\/www.newpark.de\/en\/together-for-the-region\/#breadcrumb","itemListElement":[{"@type":"ListItem","position":1,"name":"Home","item":"https:\/\/www.newpark.de\/en\/profil\/"},{"@type":"ListItem","position":2,"name":"Together for the region"}]},{"@type":"WebSite","@id":"https:\/\/www.newpark.de\/en\/#website","url":"https:\/\/www.newpark.de\/en\/","name":"Newpark Datteln","description":"","potentialAction":[{"@type":"SearchAction","target":{"@type":"EntryPoint","urlTemplate":"https:\/\/www.newpark.de\/en\/?s={search_term_string}"},"query-input":{"@type":"PropertyValueSpecification","valueRequired":true,"valueName":"search_term_string"}}],"inLanguage":"en-US"},{"@type":"Person","@id":"https:\/\/www.newpark.de\/en\/#\/schema\/person\/87aa9685e0bde9fdfd86f3c643c039b0","name":"mkoeller","sameAs":["https:\/\/newpark.koeller-it.de"],"url":"https:\/\/www.newpark.de\/en\/author\/mkoeller\/"}]}},"_links":{"self":[{"href":"https:\/\/www.newpark.de\/en\/wp-json\/wp\/v2\/posts\/3362","targetHints":{"allow":["GET"]}}],"collection":[{"href":"https:\/\/www.newpark.de\/en\/wp-json\/wp\/v2\/posts"}],"about":[{"href":"https:\/\/www.newpark.de\/en\/wp-json\/wp\/v2\/types\/post"}],"author":[{"embeddable":true,"href":"https:\/\/www.newpark.de\/en\/wp-json\/wp\/v2\/users\/1"}],"replies":[{"embeddable":true,"href":"https:\/\/www.newpark.de\/en\/wp-json\/wp\/v2\/comments?post=3362"}],"version-history":[{"count":5,"href":"https:\/\/www.newpark.de\/en\/wp-json\/wp\/v2\/posts\/3362\/revisions"}],"predecessor-version":[{"id":3439,"href":"https:\/\/www.newpark.de\/en\/wp-json\/wp\/v2\/posts\/3362\/revisions\/3439"}],"wp:featuredmedia":[{"embeddable":true,"href":"https:\/\/www.newpark.de\/en\/wp-json\/wp\/v2\/media\/2670"}],"wp:attachment":[{"href":"https:\/\/www.newpark.de\/en\/wp-json\/wp\/v2\/media?parent=3362"}],"wp:term":[{"taxonomy":"category","embeddable":true,"href":"https:\/\/www.newpark.de\/en\/wp-json\/wp\/v2\/categories?post=3362"},{"taxonomy":"post_tag","embeddable":true,"href":"https:\/\/www.newpark.de\/en\/wp-json\/wp\/v2\/tags?post=3362"}],"curies":[{"name":"wp","href":"https:\/\/api.w.org\/{rel}","templated":true}]}}